{"id":79566,"date":"2026-08-31T19:45:47","date_gmt":"2026-08-31T18:45:47","guid":{"rendered":"https:\/\/www.tecnoservice.ch\/web\/?p=79566"},"modified":"2026-08-31T19:45:47","modified_gmt":"2026-08-31T18:45:47","slug":"chronique-parmi-60-ans-dhistoire-microsoft-wallisellen-zh-2000-2001","status":"publish","type":"post","link":"https:\/\/www.tecnoservice.ch\/web\/chronique-parmi-60-ans-dhistoire-microsoft-wallisellen-zh-2000-2001\/","title":{"rendered":"Chronique parmi 60 ans d&rsquo;histoire : Microsoft Wallisellen, ZH (2000-2001)"},"content":{"rendered":"<h4><span style=\"color: #000000;\">Microsoft \u00e0 Wallisellen : une pr\u00e9sence de vingt ans<\/span><\/h4>\n<p class=\"isSelectedEnd\"><span style=\"color: #000000;\">Microsoft Suisse a install\u00e9 son si\u00e8ge \u00e0 Wallisellen, \u00e0 la Richtistrasse 3, en octobre 2001. Le d\u00e9m\u00e9nagement effectif dans les nouveaux locaux a eu lieu en janvier 2002, alors que l&rsquo;entreprise comptait environ 215 collaborateurs. Le b\u00e2timent, con\u00e7u pour accueillir jusqu&rsquo;\u00e0 400 postes de travail, repr\u00e9sentait \u00e0 l&rsquo;\u00e9poque un environnement de travail particuli\u00e8rement moderne, avec une grande fa\u00e7ade vitr\u00e9e, trois atriums apportant de la lumi\u00e8re naturelle et une conception favorisant la transparence et la mobilit\u00e9. Bill Gates n&rsquo;avait alors que 45 ans !<\/span><\/p>\n<p class=\"isSelectedEnd\"><span style=\"color: #000000;\">Pendant pr\u00e8s de vingt ans, le b\u00e2timent de Wallisellen a \u00e9t\u00e9 le centre des activit\u00e9s de Microsoft Suisse. L&rsquo;entreprise y a connu une forte croissance, passant progressivement d&rsquo;une organisation d&rsquo;environ 200 collaborateurs au d\u00e9but des ann\u00e9es 2000 \u00e0 plusieurs centaines d&#8217;employ\u00e9s. Le site accueillait les \u00e9quipes commerciales, techniques et administratives et constituait \u00e9galement un lieu important pour les relations avec les clients et les partenaires de Microsoft. Il constituait une vitrine de Microsoft en Suisse, \u00e0 une \u00e9poque o\u00f9 l&rsquo;entreprise passait progressivement du mod\u00e8le traditionnel centr\u00e9 sur Windows et Office \u00e0 une activit\u00e9 davantage orient\u00e9e vers les services, le cloud et les solutions destin\u00e9es aux entreprises.\u00a0<\/span><\/p>\n<p class=\"isSelectedEnd\"><span style=\"color: #000000;\">La p\u00e9riode de Wallisellen correspond \u00e9galement \u00e0 une phase importante du d\u00e9veloppement de Microsoft en Suisse. Durant ces deux d\u00e9cennies, l&rsquo;entreprise a renforc\u00e9 ses activit\u00e9s dans le domaine professionnel, d\u00e9velopp\u00e9 ses relations avec les entreprises et les institutions suisses et particip\u00e9 \u00e0 des projets de recherche et d&rsquo;innovation avec les hautes \u00e9coles suisses. Microsoft rappelle notamment dans son bilan historique que son implantation \u00e0 Wallisellen en 2002 a accompagn\u00e9 une importante phase de croissance de sa pr\u00e9sence en Suisse.<\/span><\/p>\n<p><span style=\"color: #000000;\">En 2018, Microsoft Suisse a sign\u00e9 le contrat de location de son futur si\u00e8ge au <em>The Circle<\/em>, \u00e0 l&rsquo;a\u00e9roport de Zurich. Ce projet devait correspondre \u00e0 une nouvelle conception du lieu de travail, davantage orient\u00e9e vers la collaboration, les rencontres avec les clients et la co-innovation. Aujourd&rsquo;hui les b\u00e2timents de la Richtistrasse sont toujours des b\u00e2timents d&rsquo;affaire importants de l&rsquo;agglom\u00e9ration zurichoise.<\/span><\/p>\n<h4><span style=\"color: #000000;\">Tecnoservice comme mandataire CVCS-MCR \u00e0 l&rsquo;or\u00e9e de l&rsquo;an 2000<\/span><\/h4>\n<p data-start=\"93\" data-end=\"678\"><span style=\"color: #000000;\">C&rsquo;est une des grandes affaires de Tecnoservice \u00e0 l&rsquo;aube du nouveau mill\u00e9naire. Cette r\u00e9f\u00e9rence constituait une preuve notable de la capacit\u00e9 de la soci\u00e9t\u00e9 \u00e0 r\u00e9aliser des mandats importants outre Sarine. Quelques ann\u00e9es apr\u00e8s viendront les \u00e9tudes des complexes h\u00f4teliers Novotel-Etap-Ibis de Berne et de Z\u00fcrich.<\/span><\/p>\n<p data-start=\"93\" data-end=\"678\"><span style=\"color: #000000;\">Quelques chiffres et photos sur la brochure de l&rsquo;\u00e9poque : <\/span><a href=\"https:\/\/www.tecnoservice.ch\/web\/wp-content\/uploads\/2026\/08\/doc_wallisellen_microsoft.pdf\" target=\"_blank\" rel=\"noopener\">voir la brochure<\/a><\/p>\n","protected":false},"excerpt":{"rendered":"<p>Microsoft \u00e0 Wallisellen : une pr\u00e9sence de vingt ans Microsoft Suisse a install\u00e9 son si\u00e8ge \u00e0 Wallisellen, \u00e0 la Richtistrasse [&hellip;]<\/p>\n","protected":false},"author":2,"featured_media":79565,"comment_status":"closed","ping_status":"closed","sticky":false,"template":"","format":"standard","meta":{"footnotes":""},"categories":[140,141,178,121],"tags":[150,153,156,179],"_links":{"self":[{"href":"https:\/\/www.tecnoservice.ch\/web\/wp-json\/wp\/v2\/posts\/79566"}],"collection":[{"href":"https:\/\/www.tecnoservice.ch\/web\/wp-json\/wp\/v2\/posts"}],"about":[{"href":"https:\/\/www.tecnoservice.ch\/web\/wp-json\/wp\/v2\/types\/post"}],"author":[{"embeddable":true,"href":"https:\/\/www.tecnoservice.ch\/web\/wp-json\/wp\/v2\/users\/2"}],"replies":[{"embeddable":true,"href":"https:\/\/www.tecnoservice.ch\/web\/wp-json\/wp\/v2\/comments?post=79566"}],"version-history":[{"count":7,"href":"https:\/\/www.tecnoservice.ch\/web\/wp-json\/wp\/v2\/posts\/79566\/revisions"}],"predecessor-version":[{"id":79573,"href":"https:\/\/www.tecnoservice.ch\/web\/wp-json\/wp\/v2\/posts\/79566\/revisions\/79573"}],"wp:featuredmedia":[{"embeddable":true,"href":"https:\/\/www.tecnoservice.ch\/web\/wp-json\/wp\/v2\/media\/79565"}],"wp:attachment":[{"href":"https:\/\/www.tecnoservice.ch\/web\/wp-json\/wp\/v2\/media?parent=79566"}],"wp:term":[{"taxonomy":"category","embeddable":true,"href":"https:\/\/www.tecnoservice.ch\/web\/wp-json\/wp\/v2\/categories?post=79566"},{"taxonomy":"post_tag","embeddable":true,"href":"https:\/\/www.tecnoservice.ch\/web\/wp-json\/wp\/v2\/tags?post=79566"}],"curies":[{"name":"wp","href":"https:\/\/api.w.org\/{rel}","templated":true}]}}